{"id":8113,"date":"2021-01-18T21:08:01","date_gmt":"2021-01-18T17:08:01","guid":{"rendered":"https:\/\/lawblog.az\/?p=8113"},"modified":"2021-01-18T21:08:01","modified_gmt":"2021-01-18T17:08:01","slug":"azerbaijan-files-lawsuit-against-armenia-after-end-of-the-2020-karabakh-war","status":"publish","type":"post","link":"https:\/\/lawblog.az\/en\/blog\/2021\/01\/18\/azerbaijan-files-lawsuit-against-armenia-after-end-of-the-2020-karabakh-war\/","title":{"rendered":"Azerbaijan files lawsuit against Armenia after end of the 2020 Karabakh War"},"content":{"rendered":"<p><span style=\"font-weight: 400;\">On January 15, 2020, Azerbaijan submitted an application to the European Court of Human Rights against Armenia, Azerbaijani state news agency<\/span><a href=\"https:\/\/azertag.az\/en\/xeber\/1689905\"> <span style=\"font-weight: 400;\">reports<\/span><\/a><span style=\"font-weight: 400;\">. The application addresses \u201crights and freedoms of Azerbaijani citizens affected by Armenia\u2019s military aggression against Azerbaijan\u201d. This adds up another case to the<\/span><a href=\"https:\/\/www.echr.coe.int\/Documents\/InterState_applications_ENG.pdf\"> <span style=\"font-weight: 400;\">list of interstate cases<\/span><\/a><span style=\"font-weight: 400;\"> in the ECHR, which<\/span><a href=\"https:\/\/www.ejiltalk.org\/inter-state-applications-under-the-european-convention-on-human-rights-strengths-and-challenges\/\"> <span style=\"font-weight: 400;\">began to rise considerably<\/span><\/a><span style=\"font-weight: 400;\"> in recent years.<\/span><\/p>\n<blockquote><p><span style=\"font-weight: 400;\">\u201cThe application raises the issue of violation of the right to life, respect for personal and family life, freedom of religion, torture and ill-treatment, violation of the right to property and movement of citizens of the Republic of Azerbaijan as a result of the occupation of Nagorno-Karabakh and seven surrounding districts on the part of Armenia for nearly 30 years. There is also evidence that 3,890 Azerbaijani citizens went missing and Armenia has not taken any action to investigate the fate of these individuals.\u201d<\/span><\/p>\n<p>&#8211; <em><a href=\"https:\/\/azertag.az\/en\/xeber\/1689905\">Azertag<\/a><\/em><\/p><\/blockquote>\n<p><span style=\"font-weight: 400;\">Azerbaijan<\/span><a href=\"https:\/\/mfa.gov.az\/en\/news\/6893\/view\"> <span style=\"font-weight: 400;\">invoked the right to self-defence on September 27, 2020<\/span><\/a><span style=\"font-weight: 400;\"> concerning<\/span><a href=\"https:\/\/www.ejiltalk.org\/the-recent-ceasefire-in-nagorno-karabakh-territorial-control-peacekeepers-and-unanswered-question-of-status\/\"> <span style=\"font-weight: 400;\">its internationally recognized<\/span><\/a><span style=\"font-weight: 400;\"> but occupied territories, a full-scale war of 44 days ended with a trilateral <\/span><a href=\"http:\/\/en.kremlin.ru\/acts\/news\/64384\"><span style=\"font-weight: 400;\">ceasefire agreement<\/span><\/a><span style=\"font-weight: 400;\"> of Armenian, Azerbaijani and Russian leaders. Russian peacekeepers would be deployed in part of Nagorno Karabakh (where ethnic Armenians live) along with the withdrawal of Armenian forces, as agreed by article 4 of the agreement.<\/span><\/p>\n<p><span style=\"font-weight: 400;\">The UN Security Council asked Armenia four (Resolutions<\/span><a href=\"https:\/\/undocs.org\/S\/RES\/822(1993)\"> <span style=\"font-weight: 400;\">822<\/span><\/a><span style=\"font-weight: 400;\">,<\/span><a href=\"https:\/\/undocs.org\/S\/RES\/853(1993)\"> <span style=\"font-weight: 400;\">853<\/span><\/a><span style=\"font-weight: 400;\">,<\/span><a href=\"https:\/\/undocs.org\/S\/RES\/874(1993)\"> <span style=\"font-weight: 400;\">874<\/span><\/a><span style=\"font-weight: 400;\">,<\/span><a href=\"https:\/\/undocs.org\/S\/RES\/884(1993)\"> <span style=\"font-weight: 400;\">884<\/span><\/a><span style=\"font-weight: 400;\">) times to withdraw its forces from occupied territories of Azerbaijan \u2013 Nagorno Karabakh and seven adjacent districts back in 1993. However, the occupation did not end until the 2020 Karabakh War while peace talks failed.<\/span><\/p>\n<p><a href=\"https:\/\/www.ohchr.org\/Documents\/Issues\/Housing\/Azerbaijan.pdf\"><span style=\"font-weight: 400;\">700,000 Azerbaijanis were internally displaced<\/span><\/a><span style=\"font-weight: 400;\"> from Karabakh back in the early 1990s as the result of hostilities. Although Armenian occupation ended, houses and buildings in previously occupied territories are<\/span><a href=\"https:\/\/www.economist.com\/europe\/2020\/12\/16\/azeris-return-to-their-ruined-old-homes\"> <span style=\"font-weight: 400;\">practically non-habitable<\/span><\/a><span style=\"font-weight: 400;\"> since<\/span><a href=\"https:\/\/www.nytimes.com\/2001\/05\/27\/world\/trying-to-tell-a-truce-from-a-war.html\"> <span style=\"font-weight: 400;\">settlements were destroyed<\/span><\/a><span style=\"font-weight: 400;\"> throughout the last 30 years.<\/span><\/p>\n<p><span style=\"font-weight: 400;\">Although there was an unrecognized government in the occupied territories, in<\/span> <a href=\"http:\/\/hudoc.echr.coe.int\/eng?i=001-155353\"><i><span style=\"font-weight: 400;\">Chiragov and others v. Armenia<\/span><\/i><\/a><span style=\"font-weight: 400;\"> (para. 186), the ECHR found Armenia having effective control in the occupied territories. Additionally, it is solely Armenia that took the obligation of withdrawing forces from Karabakh in the<\/span><a href=\"http:\/\/en.kremlin.ru\/acts\/news\/64384\"> <span style=\"font-weight: 400;\">latest ceasefire deal<\/span><\/a><span style=\"font-weight: 400;\">. However, Armenia can be expected to contest its responsibility for violations alleged in the application.<\/span><\/p>\n<p><span style=\"font-weight: 400;\">The case is worth watching in the light of ECHR\u2019s latest<\/span><a href=\"http:\/\/hudoc.echr.coe.int\/eng?i=001-207622\"> <span style=\"font-weight: 400;\">decision on Ukraine v. Russian Federation (VII)<\/span><\/a><span style=\"font-weight: 400;\">, which declared Ukraine\u2019s certain complaints against Russia admissible. Ukraine\u2019s complaints concern events that happened in Crimea in 2014 and later on, which are similar to events that happened in Karabakh, at least to alleged violation of property rights.<\/span><\/p>\n","protected":false},"excerpt":{"rendered":"<p>On January 15, 2020, Azerbaijan submitted an application to the European Court of Human Rights against Armenia, Azerbaijani state news agency reports. The application addresses&#8230;<\/p>\n","protected":false},"author":2,"featured_media":8114,"comment_status":"closed","ping_status":"closed","sticky":false,"template":"","format":"standard","meta":{"nf_dc_page":"","footnotes":""},"categories":[1551],"tags":[1552,1553],"coauthors":[23],"class_list":["post-8113","post","type-post","status-publish","format-standard","has-post-thumbnail","hentry","category-human-rights","tag-2020-karabakh-war","tag-echr"],"yoast_head":"<!-- This site is optimized with the Yoast SEO Premium plugin v23.4 (Yoast SEO v23.4) - https:\/\/yoast.com\/wordpress\/plugins\/seo\/ -->\n<title>Azerbaijan files lawsuit against Armenia after end of the 2020 Karabakh War | Briefly: The Law Blog<\/title>\n<meta name=\"description\" content=\"On January 15, 2020, Azerbaijan submitted an application to the European Court of Human Rights against Armenia, Azerbaijani state news agency reports. The\" \/>\n<meta name=\"robots\" content=\"index, follow, max-snippet:-1, max-image-preview:large, max-video-preview:-1\" \/>\n<link rel=\"canonical\" href=\"https:\/\/lawblog.az\/en\/blog\/2021\/01\/18\/azerbaijan-files-lawsuit-against-armenia-after-end-of-the-2020-karabakh-war\/\" \/>\n<meta property=\"og:locale\" content=\"en_US\" \/>\n<meta property=\"og:type\" content=\"article\" \/>\n<meta property=\"og:title\" content=\"Azerbaijan files lawsuit against Armenia after end of the 2020 Karabakh War | Briefly: The Law Blog\" \/>\n<meta property=\"og:description\" content=\"On January 15, 2020, Azerbaijan submitted an application to the European Court of Human Rights against Armenia, Azerbaijani state news agency reports. The\" \/>\n<meta property=\"og:url\" content=\"https:\/\/lawblog.az\/en\/blog\/2021\/01\/18\/azerbaijan-files-lawsuit-against-armenia-after-end-of-the-2020-karabakh-war\/\" \/>\n<meta property=\"og:site_name\" content=\"Briefly: The Law Blog\" \/>\n<meta property=\"article:publisher\" content=\"https:\/\/www.facebook.com\/lawblog.az\" \/>\n<meta property=\"article:author\" content=\"https:\/\/www.facebook.com\/mehran.amirli\" \/>\n<meta property=\"article:published_time\" content=\"2021-01-18T17:08:01+00:00\" \/>\n<meta property=\"og:image\" content=\"https:\/\/lawblog.az\/wp-content\/uploads\/2021\/01\/echr.jpg\" \/>\n\t<meta property=\"og:image:width\" content=\"1024\" \/>\n\t<meta property=\"og:image:height\" content=\"679\" \/>\n\t<meta property=\"og:image:type\" content=\"image\/jpeg\" \/>\n<meta name=\"author\" content=\"Mehran Amirli\" \/>\n<meta name=\"twitter:card\" content=\"summary_large_image\" \/>\n<meta name=\"twitter:label1\" content=\"Written by\" \/>\n\t<meta name=\"twitter:data1\" content=\"Mehran Amirli\" \/>\n\t<meta name=\"twitter:label2\" content=\"Est. reading time\" \/>\n\t<meta name=\"twitter:data2\" content=\"2 minutes\" \/>\n<script type=\"application\/ld+json\" class=\"yoast-schema-graph\">{\"@context\":\"https:\/\/schema.org\",\"@graph\":[{\"@type\":\"Article\",\"@id\":\"https:\/\/lawblog.az\/en\/blog\/2021\/01\/18\/azerbaijan-files-lawsuit-against-armenia-after-end-of-the-2020-karabakh-war\/#article\",\"isPartOf\":{\"@id\":\"https:\/\/lawblog.az\/en\/blog\/2021\/01\/18\/azerbaijan-files-lawsuit-against-armenia-after-end-of-the-2020-karabakh-war\/\"},\"author\":{\"name\":\"Mehran Amirli\",\"@id\":\"https:\/\/lawblog.az\/en\/#\/schema\/person\/e6692222af7108e38fdfc1b43520056c\"},\"headline\":\"Azerbaijan files lawsuit against Armenia after end of the 2020 Karabakh War\",\"datePublished\":\"2021-01-18T17:08:01+00:00\",\"dateModified\":\"2021-01-18T17:08:01+00:00\",\"mainEntityOfPage\":{\"@id\":\"https:\/\/lawblog.az\/en\/blog\/2021\/01\/18\/azerbaijan-files-lawsuit-against-armenia-after-end-of-the-2020-karabakh-war\/\"},\"wordCount\":412,\"publisher\":{\"@id\":\"https:\/\/lawblog.az\/en\/#organization\"},\"image\":{\"@id\":\"https:\/\/lawblog.az\/en\/blog\/2021\/01\/18\/azerbaijan-files-lawsuit-against-armenia-after-end-of-the-2020-karabakh-war\/#primaryimage\"},\"thumbnailUrl\":\"https:\/\/lawblog.az\/wp-content\/uploads\/2021\/01\/echr.jpg\",\"keywords\":[\"2020 Karabakh War\",\"ECHR\"],\"articleSection\":[\"Human rights\"],\"inLanguage\":\"en-US\"},{\"@type\":\"WebPage\",\"@id\":\"https:\/\/lawblog.az\/en\/blog\/2021\/01\/18\/azerbaijan-files-lawsuit-against-armenia-after-end-of-the-2020-karabakh-war\/\",\"url\":\"https:\/\/lawblog.az\/en\/blog\/2021\/01\/18\/azerbaijan-files-lawsuit-against-armenia-after-end-of-the-2020-karabakh-war\/\",\"name\":\"Azerbaijan files lawsuit against Armenia after end of the 2020 Karabakh War | Briefly: The Law Blog\",\"isPartOf\":{\"@id\":\"https:\/\/lawblog.az\/en\/#website\"},\"primaryImageOfPage\":{\"@id\":\"https:\/\/lawblog.az\/en\/blog\/2021\/01\/18\/azerbaijan-files-lawsuit-against-armenia-after-end-of-the-2020-karabakh-war\/#primaryimage\"},\"image\":{\"@id\":\"https:\/\/lawblog.az\/en\/blog\/2021\/01\/18\/azerbaijan-files-lawsuit-against-armenia-after-end-of-the-2020-karabakh-war\/#primaryimage\"},\"thumbnailUrl\":\"https:\/\/lawblog.az\/wp-content\/uploads\/2021\/01\/echr.jpg\",\"datePublished\":\"2021-01-18T17:08:01+00:00\",\"dateModified\":\"2021-01-18T17:08:01+00:00\",\"description\":\"On January 15, 2020, Azerbaijan submitted an application to the European Court of Human Rights against Armenia, Azerbaijani state news agency reports. The\",\"breadcrumb\":{\"@id\":\"https:\/\/lawblog.az\/en\/blog\/2021\/01\/18\/azerbaijan-files-lawsuit-against-armenia-after-end-of-the-2020-karabakh-war\/#breadcrumb\"},\"inLanguage\":\"en-US\",\"potentialAction\":[{\"@type\":\"ReadAction\",\"target\":[\"https:\/\/lawblog.az\/en\/blog\/2021\/01\/18\/azerbaijan-files-lawsuit-against-armenia-after-end-of-the-2020-karabakh-war\/\"]}]},{\"@type\":\"ImageObject\",\"inLanguage\":\"en-US\",\"@id\":\"https:\/\/lawblog.az\/en\/blog\/2021\/01\/18\/azerbaijan-files-lawsuit-against-armenia-after-end-of-the-2020-karabakh-war\/#primaryimage\",\"url\":\"https:\/\/lawblog.az\/wp-content\/uploads\/2021\/01\/echr.jpg\",\"contentUrl\":\"https:\/\/lawblog.az\/wp-content\/uploads\/2021\/01\/echr.jpg\",\"width\":1024,\"height\":679,\"caption\":\"Architect : Richard Rogers Partnership\"},{\"@type\":\"BreadcrumbList\",\"@id\":\"https:\/\/lawblog.az\/en\/blog\/2021\/01\/18\/azerbaijan-files-lawsuit-against-armenia-after-end-of-the-2020-karabakh-war\/#breadcrumb\",\"itemListElement\":[{\"@type\":\"ListItem\",\"position\":1,\"name\":\"Ana S\u0259hif\u0259\",\"item\":\"https:\/\/lawblog.az\/en\/\"},{\"@type\":\"ListItem\",\"position\":2,\"name\":\"Azerbaijan files lawsuit against Armenia after end of the 2020 Karabakh War\"}]},{\"@type\":\"WebSite\",\"@id\":\"https:\/\/lawblog.az\/en\/#website\",\"url\":\"https:\/\/lawblog.az\/en\/\",\"name\":\"Briefly: The Law Blog\",\"description\":\"Az\u0259rbaycanca h\u00fcquq bloqu\",\"publisher\":{\"@id\":\"https:\/\/lawblog.az\/en\/#organization\"},\"potentialAction\":[{\"@type\":\"SearchAction\",\"target\":{\"@type\":\"EntryPoint\",\"urlTemplate\":\"https:\/\/lawblog.az\/en\/?s={search_term_string}\"},\"query-input\":{\"@type\":\"PropertyValueSpecification\",\"valueRequired\":true,\"valueName\":\"search_term_string\"}}],\"inLanguage\":\"en-US\"},{\"@type\":\"Organization\",\"@id\":\"https:\/\/lawblog.az\/en\/#organization\",\"name\":\"Briefly: The Law Blog\",\"url\":\"https:\/\/lawblog.az\/en\/\",\"logo\":{\"@type\":\"ImageObject\",\"inLanguage\":\"en-US\",\"@id\":\"https:\/\/lawblog.az\/en\/#\/schema\/logo\/image\/\",\"url\":\"https:\/\/lawblog.az\/wp-content\/uploads\/2020\/08\/CoreLogo-LawBlog5.png\",\"contentUrl\":\"https:\/\/lawblog.az\/wp-content\/uploads\/2020\/08\/CoreLogo-LawBlog5.png\",\"width\":\"481\",\"height\":\"486\",\"caption\":\"Briefly: The Law Blog\"},\"image\":{\"@id\":\"https:\/\/lawblog.az\/en\/#\/schema\/logo\/image\/\"},\"sameAs\":[\"https:\/\/www.facebook.com\/lawblog.az\",\"https:\/\/www.linkedin.com\/company\/briefly-the-law\/\"]},{\"@type\":\"Person\",\"@id\":\"https:\/\/lawblog.az\/en\/#\/schema\/person\/e6692222af7108e38fdfc1b43520056c\",\"name\":\"Mehran Amirli\",\"image\":{\"@type\":\"ImageObject\",\"inLanguage\":\"en-US\",\"@id\":\"https:\/\/lawblog.az\/en\/#\/schema\/person\/image\/fc5ebd52417e203e2125ce5e657431bd\",\"url\":\"https:\/\/secure.gravatar.com\/avatar\/05df270122ce2c550e8e98066bcc89108fc3a9aa4163451f54a31d651da5b761?s=96&d=mm&r=g\",\"contentUrl\":\"https:\/\/secure.gravatar.com\/avatar\/05df270122ce2c550e8e98066bcc89108fc3a9aa4163451f54a31d651da5b761?s=96&d=mm&r=g\",\"caption\":\"Mehran Amirli\"},\"description\":\"Mehran haz\u0131rda h\u00fcquq\u015f\u00fcnas kimi \u00e7al\u0131\u015f\u0131r v\u0259 ixtisasla\u015fd\u0131\u011f\u0131 sah\u0259l\u0259r korporativ, kommersiya, enerji v\u0259 maliyy\u0259 h\u00fcququdur. O, Bak\u0131 D\u00f6vl\u0259t Universiteti H\u00fcquq fak\u00fclt\u0259sind\u0259n 2017-ci ild\u0259 m\u0259zun olmu\u015f v\u0259 t\u0259hsil ald\u0131\u011f\u0131 d\u00f6vrd\u0259 Bak\u0131 D\u00f6vl\u0259t Universiteti T\u0259l\u0259b\u0259 H\u00fcquq Jurnal\u0131n\u0131n Ba\u015f Redaktoru olmu\u015fdur. O, h\u0259m\u00e7inin Philip C. Jessup Beyn\u0259lxalq M\u0259hk\u0259m\u0259 M\u00fcsabiq\u0259sinin Az\u0259rbaycan \u00fczr\u0259 Administratoru v\u0259 h\u0259min M\u00fcsabiq\u0259nin beyn\u0259lxalq raundlar\u0131n\u0131n hakimi olub.\",\"sameAs\":[\"https:\/\/www.linkedin.com\/in\/mehranamirli\/\",\"https:\/\/www.facebook.com\/mehran.amirli\"],\"url\":\"https:\/\/lawblog.az\/en\/blog\/author\/mehran-amirli\/\"}]}<\/script>\n<!-- \/ Yoast SEO Premium plugin. -->","yoast_head_json":{"title":"Azerbaijan files lawsuit against Armenia after end of the 2020 Karabakh War | Briefly: The Law Blog","description":"On January 15, 2020, Azerbaijan submitted an application to the European Court of Human Rights against Armenia, Azerbaijani state news agency reports. The","robots":{"index":"index","follow":"follow","max-snippet":"max-snippet:-1","max-image-preview":"max-image-preview:large","max-video-preview":"max-video-preview:-1"},"canonical":"https:\/\/lawblog.az\/en\/blog\/2021\/01\/18\/azerbaijan-files-lawsuit-against-armenia-after-end-of-the-2020-karabakh-war\/","og_locale":"en_US","og_type":"article","og_title":"Azerbaijan files lawsuit against Armenia after end of the 2020 Karabakh War | Briefly: The Law Blog","og_description":"On January 15, 2020, Azerbaijan submitted an application to the European Court of Human Rights against Armenia, Azerbaijani state news agency reports. The","og_url":"https:\/\/lawblog.az\/en\/blog\/2021\/01\/18\/azerbaijan-files-lawsuit-against-armenia-after-end-of-the-2020-karabakh-war\/","og_site_name":"Briefly: The Law Blog","article_publisher":"https:\/\/www.facebook.com\/lawblog.az","article_author":"https:\/\/www.facebook.com\/mehran.amirli","article_published_time":"2021-01-18T17:08:01+00:00","og_image":[{"width":1024,"height":679,"url":"https:\/\/lawblog.az\/wp-content\/uploads\/2021\/01\/echr.jpg","type":"image\/jpeg"}],"author":"Mehran Amirli","twitter_card":"summary_large_image","twitter_misc":{"Written by":"Mehran Amirli","Est. reading time":"2 minutes"},"schema":{"@context":"https:\/\/schema.org","@graph":[{"@type":"Article","@id":"https:\/\/lawblog.az\/en\/blog\/2021\/01\/18\/azerbaijan-files-lawsuit-against-armenia-after-end-of-the-2020-karabakh-war\/#article","isPartOf":{"@id":"https:\/\/lawblog.az\/en\/blog\/2021\/01\/18\/azerbaijan-files-lawsuit-against-armenia-after-end-of-the-2020-karabakh-war\/"},"author":{"name":"Mehran Amirli","@id":"https:\/\/lawblog.az\/en\/#\/schema\/person\/e6692222af7108e38fdfc1b43520056c"},"headline":"Azerbaijan files lawsuit against Armenia after end of the 2020 Karabakh War","datePublished":"2021-01-18T17:08:01+00:00","dateModified":"2021-01-18T17:08:01+00:00","mainEntityOfPage":{"@id":"https:\/\/lawblog.az\/en\/blog\/2021\/01\/18\/azerbaijan-files-lawsuit-against-armenia-after-end-of-the-2020-karabakh-war\/"},"wordCount":412,"publisher":{"@id":"https:\/\/lawblog.az\/en\/#organization"},"image":{"@id":"https:\/\/lawblog.az\/en\/blog\/2021\/01\/18\/azerbaijan-files-lawsuit-against-armenia-after-end-of-the-2020-karabakh-war\/#primaryimage"},"thumbnailUrl":"https:\/\/lawblog.az\/wp-content\/uploads\/2021\/01\/echr.jpg","keywords":["2020 Karabakh War","ECHR"],"articleSection":["Human rights"],"inLanguage":"en-US"},{"@type":"WebPage","@id":"https:\/\/lawblog.az\/en\/blog\/2021\/01\/18\/azerbaijan-files-lawsuit-against-armenia-after-end-of-the-2020-karabakh-war\/","url":"https:\/\/lawblog.az\/en\/blog\/2021\/01\/18\/azerbaijan-files-lawsuit-against-armenia-after-end-of-the-2020-karabakh-war\/","name":"Azerbaijan files lawsuit against Armenia after end of the 2020 Karabakh War | Briefly: The Law Blog","isPartOf":{"@id":"https:\/\/lawblog.az\/en\/#website"},"primaryImageOfPage":{"@id":"https:\/\/lawblog.az\/en\/blog\/2021\/01\/18\/azerbaijan-files-lawsuit-against-armenia-after-end-of-the-2020-karabakh-war\/#primaryimage"},"image":{"@id":"https:\/\/lawblog.az\/en\/blog\/2021\/01\/18\/azerbaijan-files-lawsuit-against-armenia-after-end-of-the-2020-karabakh-war\/#primaryimage"},"thumbnailUrl":"https:\/\/lawblog.az\/wp-content\/uploads\/2021\/01\/echr.jpg","datePublished":"2021-01-18T17:08:01+00:00","dateModified":"2021-01-18T17:08:01+00:00","description":"On January 15, 2020, Azerbaijan submitted an application to the European Court of Human Rights against Armenia, Azerbaijani state news agency reports. The","breadcrumb":{"@id":"https:\/\/lawblog.az\/en\/blog\/2021\/01\/18\/azerbaijan-files-lawsuit-against-armenia-after-end-of-the-2020-karabakh-war\/#breadcrumb"},"inLanguage":"en-US","potentialAction":[{"@type":"ReadAction","target":["https:\/\/lawblog.az\/en\/blog\/2021\/01\/18\/azerbaijan-files-lawsuit-against-armenia-after-end-of-the-2020-karabakh-war\/"]}]},{"@type":"ImageObject","inLanguage":"en-US","@id":"https:\/\/lawblog.az\/en\/blog\/2021\/01\/18\/azerbaijan-files-lawsuit-against-armenia-after-end-of-the-2020-karabakh-war\/#primaryimage","url":"https:\/\/lawblog.az\/wp-content\/uploads\/2021\/01\/echr.jpg","contentUrl":"https:\/\/lawblog.az\/wp-content\/uploads\/2021\/01\/echr.jpg","width":1024,"height":679,"caption":"Architect : Richard Rogers Partnership"},{"@type":"BreadcrumbList","@id":"https:\/\/lawblog.az\/en\/blog\/2021\/01\/18\/azerbaijan-files-lawsuit-against-armenia-after-end-of-the-2020-karabakh-war\/#breadcrumb","itemListElement":[{"@type":"ListItem","position":1,"name":"Ana S\u0259hif\u0259","item":"https:\/\/lawblog.az\/en\/"},{"@type":"ListItem","position":2,"name":"Azerbaijan files lawsuit against Armenia after end of the 2020 Karabakh War"}]},{"@type":"WebSite","@id":"https:\/\/lawblog.az\/en\/#website","url":"https:\/\/lawblog.az\/en\/","name":"Briefly: The Law Blog","description":"Az\u0259rbaycanca h\u00fcquq bloqu","publisher":{"@id":"https:\/\/lawblog.az\/en\/#organization"},"potentialAction":[{"@type":"SearchAction","target":{"@type":"EntryPoint","urlTemplate":"https:\/\/lawblog.az\/en\/?s={search_term_string}"},"query-input":{"@type":"PropertyValueSpecification","valueRequired":true,"valueName":"search_term_string"}}],"inLanguage":"en-US"},{"@type":"Organization","@id":"https:\/\/lawblog.az\/en\/#organization","name":"Briefly: The Law Blog","url":"https:\/\/lawblog.az\/en\/","logo":{"@type":"ImageObject","inLanguage":"en-US","@id":"https:\/\/lawblog.az\/en\/#\/schema\/logo\/image\/","url":"https:\/\/lawblog.az\/wp-content\/uploads\/2020\/08\/CoreLogo-LawBlog5.png","contentUrl":"https:\/\/lawblog.az\/wp-content\/uploads\/2020\/08\/CoreLogo-LawBlog5.png","width":"481","height":"486","caption":"Briefly: The Law Blog"},"image":{"@id":"https:\/\/lawblog.az\/en\/#\/schema\/logo\/image\/"},"sameAs":["https:\/\/www.facebook.com\/lawblog.az","https:\/\/www.linkedin.com\/company\/briefly-the-law\/"]},{"@type":"Person","@id":"https:\/\/lawblog.az\/en\/#\/schema\/person\/e6692222af7108e38fdfc1b43520056c","name":"Mehran Amirli","image":{"@type":"ImageObject","inLanguage":"en-US","@id":"https:\/\/lawblog.az\/en\/#\/schema\/person\/image\/fc5ebd52417e203e2125ce5e657431bd","url":"https:\/\/secure.gravatar.com\/avatar\/05df270122ce2c550e8e98066bcc89108fc3a9aa4163451f54a31d651da5b761?s=96&d=mm&r=g","contentUrl":"https:\/\/secure.gravatar.com\/avatar\/05df270122ce2c550e8e98066bcc89108fc3a9aa4163451f54a31d651da5b761?s=96&d=mm&r=g","caption":"Mehran Amirli"},"description":"Mehran haz\u0131rda h\u00fcquq\u015f\u00fcnas kimi \u00e7al\u0131\u015f\u0131r v\u0259 ixtisasla\u015fd\u0131\u011f\u0131 sah\u0259l\u0259r korporativ, kommersiya, enerji v\u0259 maliyy\u0259 h\u00fcququdur. O, Bak\u0131 D\u00f6vl\u0259t Universiteti H\u00fcquq fak\u00fclt\u0259sind\u0259n 2017-ci ild\u0259 m\u0259zun olmu\u015f v\u0259 t\u0259hsil ald\u0131\u011f\u0131 d\u00f6vrd\u0259 Bak\u0131 D\u00f6vl\u0259t Universiteti T\u0259l\u0259b\u0259 H\u00fcquq Jurnal\u0131n\u0131n Ba\u015f Redaktoru olmu\u015fdur. O, h\u0259m\u00e7inin Philip C. Jessup Beyn\u0259lxalq M\u0259hk\u0259m\u0259 M\u00fcsabiq\u0259sinin Az\u0259rbaycan \u00fczr\u0259 Administratoru v\u0259 h\u0259min M\u00fcsabiq\u0259nin beyn\u0259lxalq raundlar\u0131n\u0131n hakimi olub.","sameAs":["https:\/\/www.linkedin.com\/in\/mehranamirli\/","https:\/\/www.facebook.com\/mehran.amirli"],"url":"https:\/\/lawblog.az\/en\/blog\/author\/mehran-amirli\/"}]}},"menu_order":0,"_links":{"self":[{"href":"https:\/\/lawblog.az\/en\/wp-json\/wp\/v2\/posts\/8113","targetHints":{"allow":["GET"]}}],"collection":[{"href":"https:\/\/lawblog.az\/en\/wp-json\/wp\/v2\/posts"}],"about":[{"href":"https:\/\/lawblog.az\/en\/wp-json\/wp\/v2\/types\/post"}],"author":[{"embeddable":true,"href":"https:\/\/lawblog.az\/en\/wp-json\/wp\/v2\/users\/2"}],"replies":[{"embeddable":true,"href":"https:\/\/lawblog.az\/en\/wp-json\/wp\/v2\/comments?post=8113"}],"version-history":[{"count":1,"href":"https:\/\/lawblog.az\/en\/wp-json\/wp\/v2\/posts\/8113\/revisions"}],"predecessor-version":[{"id":8116,"href":"https:\/\/lawblog.az\/en\/wp-json\/wp\/v2\/posts\/8113\/revisions\/8116"}],"wp:featuredmedia":[{"embeddable":true,"href":"https:\/\/lawblog.az\/en\/wp-json\/wp\/v2\/media\/8114"}],"wp:attachment":[{"href":"https:\/\/lawblog.az\/en\/wp-json\/wp\/v2\/media?parent=8113"}],"wp:term":[{"taxonomy":"category","embeddable":true,"href":"https:\/\/lawblog.az\/en\/wp-json\/wp\/v2\/categories?post=8113"},{"taxonomy":"post_tag","embeddable":true,"href":"https:\/\/lawblog.az\/en\/wp-json\/wp\/v2\/tags?post=8113"},{"taxonomy":"author","embeddable":true,"href":"https:\/\/lawblog.az\/en\/wp-json\/wp\/v2\/coauthors?post=8113"}],"curies":[{"name":"wp","href":"https:\/\/api.w.org\/{rel}","templated":true}]}}